{"id":1978,"date":"2023-05-12T13:57:14","date_gmt":"2023-05-12T11:57:14","guid":{"rendered":"https:\/\/www.narvikhavn.no\/?p=1978"},"modified":"2023-05-12T13:57:16","modified_gmt":"2023-05-12T11:57:16","slug":"narvik-havn-kf-gleden-av-a-fa-samferdselsminister-jon-ivar-nygard-ap-pa-besok","status":"publish","type":"post","link":"https:\/\/www.narvikhavn.no\/en\/narvik-havn-kf-gleden-av-a-fa-samferdselsminister-jon-ivar-nygard-ap-pa-besok\/","title":{"rendered":"Narvik Havn KF gleden av \u00e5 f\u00e5 samferdselsminister Jon-Ivar Nyg\u00e5rd (Ap) p\u00e5 bes\u00f8k"},"content":{"rendered":"\n<p>P\u00e5 Frigj\u00f8ringsdagen 8. mai 2023 hadde Narvik Havn KF gleden av \u00e5 f\u00e5 samferdselsminister <a href=\"https:\/\/www.facebook.com\/jonivarnygaard?__cft__[0]=AZXYfusEBVe7xKYiv6-bb7I-NIxqSMi-Rob4o-H87rs74uIX_dE40nvdQhoTmIRgN4aqUuIgrHVVzpgmh72EpHuPyRrK5xgymlj_ki5PrZwzZ8Hf4ivHhOqaEGwWIlwzyl1ZmnUBYZXZyje_ZDB1EnGs7jfgWgl9AQOV_TmNXF_06V6fr7KyIT_x-TcRpJAXtMQ&amp;__tn__=-]K-R\">Jon-Ivar Nyg\u00e5rd<\/a> (Ap) p\u00e5 bes\u00f8k. F\u00f8rst ut hos Narvik Havn var Oberst Bj\u00f8rnar Eriksen (<a href=\"https:\/\/www.facebook.com\/sjefHV16?__cft__[0]=AZXYfusEBVe7xKYiv6-bb7I-NIxqSMi-Rob4o-H87rs74uIX_dE40nvdQhoTmIRgN4aqUuIgrHVVzpgmh72EpHuPyRrK5xgymlj_ki5PrZwzZ8Hf4ivHhOqaEGwWIlwzyl1ZmnUBYZXZyje_ZDB1EnGs7jfgWgl9AQOV_TmNXF_06V6fr7KyIT_x-TcRpJAXtMQ&amp;__tn__=-]K-R\">Sjef Nord-H\u00e5logaland heimevernsdistrikt HV-16<\/a>), som orienterte om <a href=\"https:\/\/www.facebook.com\/heimevernet?__cft__[0]=AZXYfusEBVe7xKYiv6-bb7I-NIxqSMi-Rob4o-H87rs74uIX_dE40nvdQhoTmIRgN4aqUuIgrHVVzpgmh72EpHuPyRrK5xgymlj_ki5PrZwzZ8Hf4ivHhOqaEGwWIlwzyl1ZmnUBYZXZyje_ZDB1EnGs7jfgWgl9AQOV_TmNXF_06V6fr7KyIT_x-TcRpJAXtMQ&amp;__tn__=-]K-R\">Heimevernet<\/a> og betydningen av Narvik Havn som logistikknutepunkt i en ny sikkerhetspolitiske situasjon.<\/p>\n\n\n\n<p>Havnedirekt\u00f8r B\u00f8rge Edvardsen Klingan fulgte opp og viste til at Narvik er en utpekt havn av nordiske forsvarssjefer, som en helt sentral <a><\/a>havn for mottak av allierte til Norge, Sverige og Finland. For \u00e5 legge til rette for dette og vekst innen malm, mineraler og havbruk er det viktig \u00e5 utvikle logistikknutepunktet Narvik.<\/p>\n\n\n\n<p>Dette betyr E6-tunnel gjennom sentrum, utbygging av dobbeltspor p\u00e5 Ofotbanen (hvor S\u00f8sterbekk krysningsspor er viktig \u00e5 f\u00e5 gjennomf\u00f8rt) og utvikling av arealer i havna.<\/p>\n\n\n\n<p>Nyg\u00e5rd lyttet interessert til budskapet og vi h\u00e5per han tar med seg innspillene i <a href=\"https:\/\/www.facebook.com\/Samferdselsdepartementet?__cft__[0]=AZXYfusEBVe7xKYiv6-bb7I-NIxqSMi-Rob4o-H87rs74uIX_dE40nvdQhoTmIRgN4aqUuIgrHVVzpgmh72EpHuPyRrK5xgymlj_ki5PrZwzZ8Hf4ivHhOqaEGwWIlwzyl1ZmnUBYZXZyje_ZDB1EnGs7jfgWgl9AQOV_TmNXF_06V6fr7KyIT_x-TcRpJAXtMQ&amp;__tn__=-]K-R\">Samferdselsdepartementet (Norge)<\/a> arbeid med Nasjonal transportplan og kommende statsbudsjetter.<\/p>\n\n\n\n<figure class=\"wp-block-image size-large\"><img loading=\"lazy\" decoding=\"async\" width=\"1600\" height=\"1200\" src=\"https:\/\/www.narvikhavn.no\/wp-content\/uploads\/2023\/05\/samferdselsminister-besok-2-1600x1200.jpg\" alt=\"\" class=\"wp-image-1981\" srcset=\"https:\/\/www.narvikhavn.no\/wp-content\/uploads\/2023\/05\/samferdselsminister-besok-2-1600x1200.jpg 1600w, https:\/\/www.narvikhavn.no\/wp-content\/uploads\/2023\/05\/samferdselsminister-besok-2-1000x750.jpg 1000w, https:\/\/www.narvikhavn.no\/wp-content\/uploads\/2023\/05\/samferdselsminister-besok-2-768x576.jpg 768w, https:\/\/www.narvikhavn.no\/wp-content\/uploads\/2023\/05\/samferdselsminister-besok-2-1536x1152.jpg 1536w, https:\/\/www.narvikhavn.no\/wp-content\/uploads\/2023\/05\/samferdselsminister-besok-2.jpg 2048w\" sizes=\"auto, (max-width: 1600px) 100vw, 1600px\" \/><\/figure>\n\n\n\n<figure class=\"wp-block-image size-full\"><img loading=\"lazy\" decoding=\"async\" width=\"558\" height=\"560\" src=\"https:\/\/www.narvikhavn.no\/wp-content\/uploads\/2023\/05\/samferdselsminister-besok-3.jpg\" alt=\"\" class=\"wp-image-1983\" srcset=\"https:\/\/www.narvikhavn.no\/wp-content\/uploads\/2023\/05\/samferdselsminister-besok-3.jpg 558w, https:\/\/www.narvikhavn.no\/wp-content\/uploads\/2023\/05\/samferdselsminister-besok-3-150x150.jpg 150w, https:\/\/www.narvikhavn.no\/wp-content\/uploads\/2023\/05\/samferdselsminister-besok-3-350x350.jpg 350w\" sizes=\"auto, (max-width: 558px) 100vw, 558px\" \/><\/figure>\n","protected":false},"excerpt":{"rendered":"<p>P\u00e5 Frigj\u00f8ringsdagen 8. mai 2023 hadde Narvik Havn KF gleden av \u00e5 f\u00e5 samferdselsminister Jon-Ivar Nyg\u00e5rd (Ap) p\u00e5 bes\u00f8k. F\u00f8rst ut hos Narvik Havn var Oberst Bj\u00f8rnar Eriksen (Sjef Nord-H\u00e5logaland heimevernsdistrikt HV-16), som orienterte om Heimevernet og betydningen av Narvik Havn som logistikknutepunkt i en ny sikkerhetspolitiske situasjon. Havnedirekt\u00f8r B\u00f8rge Edvardsen Klingan fulgte opp og [&hellip;]<\/p>\n","protected":false},"author":2,"featured_media":1979,"comment_status":"open","ping_status":"open","sticky":false,"template":"","format":"standard","meta":{"_acf_changed":false,"inline_featured_image":false,"_monsterinsights_skip_tracking":false,"_monsterinsights_sitenote_active":false,"_monsterinsights_sitenote_note":"","_monsterinsights_sitenote_category":0,"_uf_show_specific_survey":0,"_uf_disable_surveys":false,"footnotes":""},"categories":[1],"tags":[],"class_list":["post-1978","post","type-post","status-publish","format-standard","has-post-thumbnail","hentry","category-uncategorized-no"],"acf":[],"aioseo_notices":[],"_links":{"self":[{"href":"https:\/\/www.narvikhavn.no\/en\/wp-json\/wp\/v2\/posts\/1978","targetHints":{"allow":["GET"]}}],"collection":[{"href":"https:\/\/www.narvikhavn.no\/en\/wp-json\/wp\/v2\/posts"}],"about":[{"href":"https:\/\/www.narvikhavn.no\/en\/wp-json\/wp\/v2\/types\/post"}],"author":[{"embeddable":true,"href":"https:\/\/www.narvikhavn.no\/en\/wp-json\/wp\/v2\/users\/2"}],"replies":[{"embeddable":true,"href":"https:\/\/www.narvikhavn.no\/en\/wp-json\/wp\/v2\/comments?post=1978"}],"version-history":[{"count":1,"href":"https:\/\/www.narvikhavn.no\/en\/wp-json\/wp\/v2\/posts\/1978\/revisions"}],"predecessor-version":[{"id":1985,"href":"https:\/\/www.narvikhavn.no\/en\/wp-json\/wp\/v2\/posts\/1978\/revisions\/1985"}],"wp:featuredmedia":[{"embeddable":true,"href":"https:\/\/www.narvikhavn.no\/en\/wp-json\/wp\/v2\/media\/1979"}],"wp:attachment":[{"href":"https:\/\/www.narvikhavn.no\/en\/wp-json\/wp\/v2\/media?parent=1978"}],"wp:term":[{"taxonomy":"category","embeddable":true,"href":"https:\/\/www.narvikhavn.no\/en\/wp-json\/wp\/v2\/categories?post=1978"},{"taxonomy":"post_tag","embeddable":true,"href":"https:\/\/www.narvikhavn.no\/en\/wp-json\/wp\/v2\/tags?post=1978"}],"curies":[{"name":"wp","href":"https:\/\/api.w.org\/{rel}","templated":true}]}}