{"id":2580,"date":"2025-02-12T15:01:20","date_gmt":"2025-02-12T14:01:20","guid":{"rendered":"https:\/\/www.narvikhavn.no\/?p=2580"},"modified":"2025-02-13T08:56:40","modified_gmt":"2025-02-13T07:56:40","slug":"industritopper-gar-sammen-vil-at-malmbanen-rustes-opp","status":"publish","type":"post","link":"https:\/\/www.narvikhavn.no\/en\/industritopper-gar-sammen-vil-at-malmbanen-rustes-opp\/","title":{"rendered":"Industriledere og svensk regjering \u00f8nsker oppgradering av Malmbanen"},"content":{"rendered":"\n<p class=\"has-text-color has-link-color wp-elements-c21a83392138ba94aadfc1aeea6079e0\" style=\"color:#002e47\">Industriledere fra b\u00e5de Sverige og Norge har g\u00e5tt sammen i foreningen &#8220;Arctic Rail&#8221; for \u00e5 arbeide for en oppgradering av Malmbanen. I p\u00e5vente av dobbeltspor \u00f8nsker de bedre vedlikehold, togstyring og togplanlegging.<\/p>\n\n\n\n<p class=\"has-text-color has-link-color wp-elements-fe39d146de410ea6881c798f95efae31\" style=\"color:#002e47\">Samtidig presser den svenske regjeringen p\u00e5 for \u00e5 f\u00e5 NATO-midler til \u00e5 finansiere oppgraderingen av Malmbanen. Dette er en del av en st\u00f8rre satsing p\u00e5 infrastruktur for \u00e5 styrke regionens \u00f8konomi og sikkerhet.<\/p>\n\n\n\n<p class=\"has-text-color has-link-color wp-elements-2e323a69d28f4b58219b34a7eef9391f\" style=\"color:#002e47\">&#8220;For persontrafikken finnes det andre kollektive l\u00f8sninger&#8221; sier styreleder i Arctic Rail, Markus Pet\u00e4j\u00e4niemi, som mener at godstrafikken m\u00e5 prioriteres f\u00f8rst.<\/p>\n\n\n\n<div class=\"wp-block-group\"><div class=\"wp-block-group__inner-container is-layout-constrained wp-block-group-is-layout-constrained\">\n<div class=\"wp-block-columns is-layout-flex wp-container-core-columns-is-layout-9d6595d7 wp-block-columns-is-layout-flex\">\n<div class=\"wp-block-column is-layout-flow wp-block-column-is-layout-flow\" style=\"flex-basis:100%\">\n<div class=\"wp-block-group\"><div class=\"wp-block-group__inner-container is-layout-constrained wp-block-group-is-layout-constrained\">\n<div class=\"wp-block-group\"><div class=\"wp-block-group__inner-container is-layout-constrained wp-block-group-is-layout-constrained\">\n<p class=\"has-text-color has-background has-link-color wp-elements-c9e7b95cfafc8ad8573466ee8dec103d\" style=\"color:#002e47;background-color:#eaeae1\"><strong>Les mer og h\u00f8r sakene fra P4 Norrbotten: <\/strong><br>\u2022<a href=\"https:\/\/www.sverigesradio.se\/artikel\/industritoppar-gar-samman-vill-att-malmbanan-rustas-upp\" title=\"\">Industritoppar g\u00e5r samman \u2013 vill att Malmbanan rustas upp<\/a><br><a href=\"https:\/\/www.sverigesradio.se\/artikel\/regeringen-trycker-pa-vill-se-natopengar-till-malmbanan\" title=\"\">\u2022Regeringen trycker p\u00e5 \u2013 vill se NATO-pengar till Malmbanan<\/a><\/p>\n<\/div><\/div>\n<\/div><\/div>\n<\/div>\n<\/div>\n<\/div><\/div>\n\n\n\n<p><\/p>\n","protected":false},"excerpt":{"rendered":"<p>Industriledere fra b\u00e5de Sverige og Norge har g\u00e5tt sammen i foreningen &#8220;Arctic Rail&#8221; for \u00e5 arbeide for en oppgradering av Malmbanen. I p\u00e5vente av dobbeltspor \u00f8nsker de bedre vedlikehold, togstyring og togplanlegging. Samtidig presser den svenske regjeringen p\u00e5 for \u00e5 f\u00e5 NATO-midler til \u00e5 finansiere oppgraderingen av Malmbanen. Dette er en del av en st\u00f8rre [&hellip;]<\/p>\n","protected":false},"author":7,"featured_media":2147,"comment_status":"closed","ping_status":"open","sticky":false,"template":"","format":"standard","meta":{"_acf_changed":false,"inline_featured_image":false,"_monsterinsights_skip_tracking":false,"_monsterinsights_sitenote_active":false,"_monsterinsights_sitenote_note":"","_monsterinsights_sitenote_category":0,"_uf_show_specific_survey":0,"_uf_disable_surveys":false,"footnotes":""},"categories":[1],"tags":[],"class_list":["post-2580","post","type-post","status-publish","format-standard","has-post-thumbnail","hentry","category-uncategorized-no"],"acf":[],"aioseo_notices":[],"_links":{"self":[{"href":"https:\/\/www.narvikhavn.no\/en\/wp-json\/wp\/v2\/posts\/2580","targetHints":{"allow":["GET"]}}],"collection":[{"href":"https:\/\/www.narvikhavn.no\/en\/wp-json\/wp\/v2\/posts"}],"about":[{"href":"https:\/\/www.narvikhavn.no\/en\/wp-json\/wp\/v2\/types\/post"}],"author":[{"embeddable":true,"href":"https:\/\/www.narvikhavn.no\/en\/wp-json\/wp\/v2\/users\/7"}],"replies":[{"embeddable":true,"href":"https:\/\/www.narvikhavn.no\/en\/wp-json\/wp\/v2\/comments?post=2580"}],"version-history":[{"count":9,"href":"https:\/\/www.narvikhavn.no\/en\/wp-json\/wp\/v2\/posts\/2580\/revisions"}],"predecessor-version":[{"id":2595,"href":"https:\/\/www.narvikhavn.no\/en\/wp-json\/wp\/v2\/posts\/2580\/revisions\/2595"}],"wp:featuredmedia":[{"embeddable":true,"href":"https:\/\/www.narvikhavn.no\/en\/wp-json\/wp\/v2\/media\/2147"}],"wp:attachment":[{"href":"https:\/\/www.narvikhavn.no\/en\/wp-json\/wp\/v2\/media?parent=2580"}],"wp:term":[{"taxonomy":"category","embeddable":true,"href":"https:\/\/www.narvikhavn.no\/en\/wp-json\/wp\/v2\/categories?post=2580"},{"taxonomy":"post_tag","embeddable":true,"href":"https:\/\/www.narvikhavn.no\/en\/wp-json\/wp\/v2\/tags?post=2580"}],"curies":[{"name":"wp","href":"https:\/\/api.w.org\/{rel}","templated":true}]}}